{"id":1437,"date":"2022-10-18T19:44:50","date_gmt":"2022-10-18T18:44:50","guid":{"rendered":"http:\/\/www.gcc-ev.de\/?p=1437"},"modified":"2023-01-14T16:49:54","modified_gmt":"2023-01-14T15:49:54","slug":"einladung-zur-mitgliederversammlung-2","status":"publish","type":"post","link":"https:\/\/www.gcc-ev.de\/?p=1437","title":{"rendered":"Einladung zur Mitgliederversammlung"},"content":{"rendered":"\n<p>Hiermit laden wir Sie herzlich ein zur au\u00dferordentlichen Mitgliederversammlung des Gusbacher Carneval Club 1981 e.V.,<\/p>\n\n\n\n<p>Am <strong>Montag<\/strong>, den <strong>31.10.2022<\/strong> um <strong>19:30<\/strong> Uhr im <strong>Vereinssaal Niederjosbach.<\/strong><\/p>\n\n\n\n<p><strong>Die Versammlung findet, unter den aktuell geltenden Covid-19 Ma\u00dfnahmen, Abstands- und Hygieneregeln der Stadt Eppstein, statt.<\/strong><\/p>\n\n\n\n<p><strong><u>Tagesordnungspunkte:<\/u><\/strong><\/p>\n\n\n\n<ul class=\"wp-block-list\"><li>Begr\u00fc\u00dfung der Anwesenden durch Karin Dostal und Feststellung der Beschlussf\u00e4higkeit.<\/li><li>Neuwahlen des<ul><li>1. Kassierers<\/li><li>eines Kassenpr\u00fcfers<\/li><\/ul><\/li><li>Verschiedenes<\/li><\/ul>\n\n\n\n<p><strong>Der Vorstand bittet um rege Beteiligung der Mitglieder.<\/strong><\/p>\n","protected":false},"excerpt":{"rendered":"<p>Hiermit laden wir Sie herzlich ein zur au\u00dferordentlichen Mitgliederversammlung des Gusbacher Carneval Club 1981 e.V., Am Montag, den 31.10.2022 um 19:30 Uhr im Vereinssaal Niederjosbach. Die Versammlung findet, unter den aktuell geltenden Covid-19 Ma\u00dfnahmen, Abstands- und Hygieneregeln der Stadt Eppstein, statt. Tagesordnungspunkte: Begr\u00fc\u00dfung der Anwesenden durch Karin Dostal und Feststellung der Beschlussf\u00e4higkeit. Neuwahlen des 1.&hellip;<\/p>\n","protected":false},"author":1,"featured_media":1243,"comment_status":"closed","ping_status":"open","sticky":false,"template":"","format":"standard","meta":{"pgc_sgb_lightbox_settings":"","footnotes":""},"categories":[18,16],"tags":[],"class_list":["post-1437","post","type-post","status-publish","format-standard","has-post-thumbnail","hentry","category-2022-2023","category-mitgliederversammlung","tw-post-no-content"],"_links":{"self":[{"href":"https:\/\/www.gcc-ev.de\/index.php?rest_route=\/wp\/v2\/posts\/1437","targetHints":{"allow":["GET"]}}],"collection":[{"href":"https:\/\/www.gcc-ev.de\/index.php?rest_route=\/wp\/v2\/posts"}],"about":[{"href":"https:\/\/www.gcc-ev.de\/index.php?rest_route=\/wp\/v2\/types\/post"}],"author":[{"embeddable":true,"href":"https:\/\/www.gcc-ev.de\/index.php?rest_route=\/wp\/v2\/users\/1"}],"replies":[{"embeddable":true,"href":"https:\/\/www.gcc-ev.de\/index.php?rest_route=%2Fwp%2Fv2%2Fcomments&post=1437"}],"version-history":[{"count":1,"href":"https:\/\/www.gcc-ev.de\/index.php?rest_route=\/wp\/v2\/posts\/1437\/revisions"}],"predecessor-version":[{"id":1438,"href":"https:\/\/www.gcc-ev.de\/index.php?rest_route=\/wp\/v2\/posts\/1437\/revisions\/1438"}],"wp:featuredmedia":[{"embeddable":true,"href":"https:\/\/www.gcc-ev.de\/index.php?rest_route=\/wp\/v2\/media\/1243"}],"wp:attachment":[{"href":"https:\/\/www.gcc-ev.de\/index.php?rest_route=%2Fwp%2Fv2%2Fmedia&parent=1437"}],"wp:term":[{"taxonomy":"category","embeddable":true,"href":"https:\/\/www.gcc-ev.de\/index.php?rest_route=%2Fwp%2Fv2%2Fcategories&post=1437"},{"taxonomy":"post_tag","embeddable":true,"href":"https:\/\/www.gcc-ev.de\/index.php?rest_route=%2Fwp%2Fv2%2Ftags&post=1437"}],"curies":[{"name":"wp","href":"https:\/\/api.w.org\/{rel}","templated":true}]}}